{"help": "https://dados.uffs.edu.br/sv/api/3/action/help_show?name=datastore_search", "success": true, "result": {"include_total": true, "limit": 100, "records_format": "objects", "resource_id": "166bdbdb-24d3-41df-8de3-8ae643680313", "total_estimation_threshold": null, "records": [{"_id":135527,"nome_discente":"KELY CRISTINA GAMBIN","ano_ingresso":2026,"semestre_ingresso":2,"tipo_discente":"Aluno em Disciplina Isolada","situacao_discente":"ATIVA","nome_campus":"Cerro Largo","cod_curso":"DDPP001","nome_curso":"Doutorado em Desenvolvimento e Políticas Públicas","data_atualizacao":"2026-08-31T02:30:17"},{"_id":135528,"nome_discente":"RITA FERNANDA MONTEIRO FERNANDES","ano_ingresso":2026,"semestre_ingresso":2,"tipo_discente":"Aluno em Disciplina Isolada","situacao_discente":"ATIVA","nome_campus":"Cerro Largo","cod_curso":"DDPP001","nome_curso":"Doutorado em Desenvolvimento e Políticas Públicas","data_atualizacao":"2026-08-31T02:30:17"},{"_id":135529,"nome_discente":"RITA FERNANDA MONTEIRO FERNANDES","ano_ingresso":2026,"semestre_ingresso":2,"tipo_discente":"Aluno Regular","situacao_discente":"CANCELADA","nome_campus":"Cerro Largo","cod_curso":"DDPP001","nome_curso":"Doutorado em Desenvolvimento e Políticas Públicas","data_atualizacao":"2026-08-31T02:30:17"},{"_id":135530,"nome_discente":"TIAGO GRIEBELER DA SILVA","ano_ingresso":2026,"semestre_ingresso":2,"tipo_discente":"Aluno em Disciplina Isolada","situacao_discente":"ATIVA","nome_campus":"Cerro Largo","cod_curso":"DDPP001","nome_curso":"Doutorado em Desenvolvimento e Políticas Públicas","data_atualizacao":"2026-08-31T02:30:17"},{"_id":135531,"nome_discente":"TIAGO GRIEBELER DA SILVA","ano_ingresso":2026,"semestre_ingresso":2,"tipo_discente":"Aluno Regular","situacao_discente":"ATIVA","nome_campus":"Cerro Largo","cod_curso":"DDPP001","nome_curso":"Doutorado em Desenvolvimento e Políticas Públicas","data_atualizacao":"2026-08-31T02:30:17"},{"_id":135532,"nome_discente":"GABRIELE BARRILARI FERREIRA","ano_ingresso":2026,"semestre_ingresso":2,"tipo_discente":"Aluno em Disciplina Isolada","situacao_discente":"ATIVA","nome_campus":"Cerro Largo","cod_curso":"MATS001","nome_curso":"Mestrado em Ambiente e Tecnologias Sustentáveis","data_atualizacao":"2026-08-31T02:30:17"},{"_id":135533,"nome_discente":"GLAUCIA MEDEIROS DE FARIAS","ano_ingresso":2026,"semestre_ingresso":2,"tipo_discente":"Aluno em Disciplina Isolada","situacao_discente":"ATIVA","nome_campus":"Cerro Largo","cod_curso":"MATS001","nome_curso":"Mestrado em Ambiente e Tecnologias Sustentáveis","data_atualizacao":"2026-08-31T02:30:17"},{"_id":135534,"nome_discente":"LUCAS KRINDGES ESCOBAR","ano_ingresso":2026,"semestre_ingresso":2,"tipo_discente":"Aluno em Disciplina Isolada","situacao_discente":"ATIVA","nome_campus":"Cerro Largo","cod_curso":"MATS001","nome_curso":"Mestrado em Ambiente e Tecnologias Sustentáveis","data_atualizacao":"2026-08-31T02:30:17"},{"_id":135535,"nome_discente":"MAIQUEL IVAN PIES","ano_ingresso":2026,"semestre_ingresso":2,"tipo_discente":"Aluno em Disciplina Isolada","situacao_discente":"ATIVA","nome_campus":"Cerro Largo","cod_curso":"MATS001","nome_curso":"Mestrado em Ambiente e Tecnologias Sustentáveis","data_atualizacao":"2026-08-31T02:30:17"},{"_id":135536,"nome_discente":"MANUELA SOUZA DE LIMA","ano_ingresso":2026,"semestre_ingresso":2,"tipo_discente":"Aluno em Disciplina Isolada","situacao_discente":"ATIVA","nome_campus":"Cerro Largo","cod_curso":"MATS001","nome_curso":"Mestrado em Ambiente e Tecnologias Sustentáveis","data_atualizacao":"2026-08-31T02:30:17"},{"_id":135537,"nome_discente":"MIQUÉIAS DE CASTRO DA SILVA","ano_ingresso":2026,"semestre_ingresso":2,"tipo_discente":"Aluno em Disciplina Isolada","situacao_discente":"ATIVA","nome_campus":"Cerro Largo","cod_curso":"MATS001","nome_curso":"Mestrado em Ambiente e Tecnologias Sustentáveis","data_atualizacao":"2026-08-31T02:30:17"},{"_id":135538,"nome_discente":"NATANIEL ALVES HARLOS","ano_ingresso":2026,"semestre_ingresso":2,"tipo_discente":"Aluno em Disciplina Isolada","situacao_discente":"ATIVA","nome_campus":"Cerro Largo","cod_curso":"MATS001","nome_curso":"Mestrado em Ambiente e Tecnologias Sustentáveis","data_atualizacao":"2026-08-31T02:30:17"},{"_id":135539,"nome_discente":"NATHALIA AMY-EM SARTOR MIYAMOTO","ano_ingresso":2026,"semestre_ingresso":2,"tipo_discente":"Aluno em Disciplina Isolada","situacao_discente":"ATIVA","nome_campus":"Cerro Largo","cod_curso":"MATS001","nome_curso":"Mestrado em Ambiente e Tecnologias Sustentáveis","data_atualizacao":"2026-08-31T02:30:17"},{"_id":135540,"nome_discente":"RITA ROLIM","ano_ingresso":2026,"semestre_ingresso":2,"tipo_discente":"Aluno em Disciplina Isolada","situacao_discente":"ATIVA","nome_campus":"Cerro Largo","cod_curso":"MATS001","nome_curso":"Mestrado em Ambiente e Tecnologias Sustentáveis","data_atualizacao":"2026-08-31T02:30:17"},{"_id":135541,"nome_discente":"VITÓRIA LUCERO BALBÉ","ano_ingresso":2026,"semestre_ingresso":2,"tipo_discente":"Aluno em Disciplina Isolada","situacao_discente":"ATIVA","nome_campus":"Cerro Largo","cod_curso":"MATS001","nome_curso":"Mestrado em Ambiente e Tecnologias Sustentáveis","data_atualizacao":"2026-08-31T02:30:17"},{"_id":135542,"nome_discente":"DE CASTRO DA SILVA","ano_ingresso":2026,"semestre_ingresso":2,"tipo_discente":"Aluno em Disciplina Isolada","situacao_discente":"ATIVA","nome_campus":"Cerro Largo","cod_curso":"MDPP001","nome_curso":"Mestrado em Desenvolvimento e Políticas Públicas","data_atualizacao":"2026-08-31T02:30:17"},{"_id":135543,"nome_discente":"HERCULIS ANTONIO RODRIGUES RAKOVSKI","ano_ingresso":2026,"semestre_ingresso":2,"tipo_discente":"Aluno em Disciplina Isolada","situacao_discente":"ATIVA","nome_campus":"Cerro Largo","cod_curso":"MDPP001","nome_curso":"Mestrado em Desenvolvimento e Políticas Públicas","data_atualizacao":"2026-08-31T02:30:17"},{"_id":135544,"nome_discente":"NELCI ANDREATTA KUNZLER","ano_ingresso":2026,"semestre_ingresso":2,"tipo_discente":"Aluno em Disciplina Isolada","situacao_discente":"ATIVA","nome_campus":"Cerro Largo","cod_curso":"MDPP001","nome_curso":"Mestrado em Desenvolvimento e Políticas Públicas","data_atualizacao":"2026-08-31T02:30:17"},{"_id":135545,"nome_discente":"PAULO FRANCISCO ALVES","ano_ingresso":2026,"semestre_ingresso":2,"tipo_discente":"Aluno em Disciplina Isolada","situacao_discente":"ATIVA","nome_campus":"Cerro Largo","cod_curso":"MDPP001","nome_curso":"Mestrado em Desenvolvimento e Políticas Públicas","data_atualizacao":"2026-08-31T02:30:17"},{"_id":135546,"nome_discente":"RAQUEL BARRAGAN MINOSSO","ano_ingresso":2026,"semestre_ingresso":2,"tipo_discente":"Aluno em Disciplina Isolada","situacao_discente":"ATIVA","nome_campus":"Cerro Largo","cod_curso":"MDPP001","nome_curso":"Mestrado em Desenvolvimento e Políticas Públicas","data_atualizacao":"2026-08-31T02:30:17"},{"_id":135547,"nome_discente":"SHEILA FLORCZAK ALMEIDA","ano_ingresso":2026,"semestre_ingresso":2,"tipo_discente":"Aluno em Disciplina Isolada","situacao_discente":"ATIVA","nome_campus":"Cerro Largo","cod_curso":"MDPP001","nome_curso":"Mestrado em Desenvolvimento e Políticas Públicas","data_atualizacao":"2026-08-31T02:30:17"},{"_id":135548,"nome_discente":"WILBERT NELTIDOR","ano_ingresso":2026,"semestre_ingresso":2,"tipo_discente":"Aluno em Disciplina Isolada","situacao_discente":"ATIVA","nome_campus":"Cerro Largo","cod_curso":"MDPP001","nome_curso":"Mestrado em Desenvolvimento e Políticas Públicas","data_atualizacao":"2026-08-31T02:30:17"},{"_id":135549,"nome_discente":"ALINE MOELLMANN DE ANDRADES","ano_ingresso":2026,"semestre_ingresso":2,"tipo_discente":"Aluno em Disciplina Isolada","situacao_discente":"ATIVA","nome_campus":"Cerro Largo","cod_curso":"MEC001","nome_curso":"Mestrado em Ensino de Ciências","data_atualizacao":"2026-08-31T02:30:17"},{"_id":135550,"nome_discente":"ANDERSON BRUN","ano_ingresso":2026,"semestre_ingresso":2,"tipo_discente":"Aluno em Disciplina Isolada","situacao_discente":"ATIVA","nome_campus":"Cerro Largo","cod_curso":"MEC001","nome_curso":"Mestrado em Ensino de Ciências","data_atualizacao":"2026-08-31T02:30:17"},{"_id":135551,"nome_discente":"ANDRESSA PIETROWSKI KAPELINSKI","ano_ingresso":2026,"semestre_ingresso":2,"tipo_discente":"Aluno em Disciplina Isolada","situacao_discente":"ATIVA","nome_campus":"Cerro Largo","cod_curso":"MEC001","nome_curso":"Mestrado em Ensino de Ciências","data_atualizacao":"2026-08-31T02:30:17"},{"_id":135552,"nome_discente":"BRUNA CAMILA PINHEIRO","ano_ingresso":2026,"semestre_ingresso":2,"tipo_discente":"Aluno em Disciplina Isolada","situacao_discente":"ATIVA","nome_campus":"Cerro Largo","cod_curso":"MEC001","nome_curso":"Mestrado em Ensino de Ciências","data_atualizacao":"2026-08-31T02:30:17"},{"_id":135553,"nome_discente":"DARLAN OTERO GOMES","ano_ingresso":2026,"semestre_ingresso":2,"tipo_discente":"Aluno em Disciplina Isolada","situacao_discente":"ATIVA","nome_campus":"Cerro Largo","cod_curso":"MEC001","nome_curso":"Mestrado em Ensino de Ciências","data_atualizacao":"2026-08-31T02:30:17"},{"_id":135554,"nome_discente":"ELFRIDES HONORIO DO CARMO","ano_ingresso":2026,"semestre_ingresso":2,"tipo_discente":"Aluno em Disciplina Isolada","situacao_discente":"ATIVA","nome_campus":"Cerro Largo","cod_curso":"MEC001","nome_curso":"Mestrado em Ensino de Ciências","data_atualizacao":"2026-08-31T02:30:17"},{"_id":135555,"nome_discente":"ELOÁ CARLOS BORGES ANTUNES","ano_ingresso":2026,"semestre_ingresso":2,"tipo_discente":"Aluno em Disciplina Isolada","situacao_discente":"ATIVA","nome_campus":"Cerro Largo","cod_curso":"MEC001","nome_curso":"Mestrado em Ensino de Ciências","data_atualizacao":"2026-08-31T02:30:17"},{"_id":135556,"nome_discente":"ISMAEL SCHERER","ano_ingresso":2026,"semestre_ingresso":2,"tipo_discente":"Aluno em Disciplina Isolada","situacao_discente":"ATIVA","nome_campus":"Cerro Largo","cod_curso":"MEC001","nome_curso":"Mestrado em Ensino de Ciências","data_atualizacao":"2026-08-31T02:30:17"},{"_id":135557,"nome_discente":"JULIANE DE FÁTIMA BRESOLIN","ano_ingresso":2026,"semestre_ingresso":2,"tipo_discente":"Aluno em Disciplina Isolada","situacao_discente":"ATIVA","nome_campus":"Cerro Largo","cod_curso":"MEC001","nome_curso":"Mestrado em Ensino de Ciências","data_atualizacao":"2026-08-31T02:30:17"},{"_id":135558,"nome_discente":"LIANDRA DOS SANTOS ANTONINI","ano_ingresso":2026,"semestre_ingresso":2,"tipo_discente":"Aluno em Disciplina Isolada","situacao_discente":"ATIVA","nome_campus":"Cerro Largo","cod_curso":"MEC001","nome_curso":"Mestrado em Ensino de Ciências","data_atualizacao":"2026-08-31T02:30:17"},{"_id":135559,"nome_discente":"MAIKIANI SOUSA DE ALMEIDA MARCZEWSKI","ano_ingresso":2026,"semestre_ingresso":2,"tipo_discente":"Aluno em Disciplina Isolada","situacao_discente":"ATIVA","nome_campus":"Cerro Largo","cod_curso":"MEC001","nome_curso":"Mestrado em Ensino de Ciências","data_atualizacao":"2026-08-31T02:30:17"},{"_id":135560,"nome_discente":"MARCELI MARIA WAMMES SPOHR","ano_ingresso":2026,"semestre_ingresso":2,"tipo_discente":"Aluno em Disciplina Isolada","situacao_discente":"ATIVA","nome_campus":"Cerro Largo","cod_curso":"MEC001","nome_curso":"Mestrado em Ensino de Ciências","data_atualizacao":"2026-08-31T02:30:17"},{"_id":135561,"nome_discente":"MICHELE CORRÊA SOARES","ano_ingresso":2026,"semestre_ingresso":2,"tipo_discente":"Aluno em Disciplina Isolada","situacao_discente":"ATIVA","nome_campus":"Cerro Largo","cod_curso":"MEC001","nome_curso":"Mestrado em Ensino de Ciências","data_atualizacao":"2026-08-31T02:30:17"},{"_id":135562,"nome_discente":"MONIQUE ALESSANDRA WOJCIECHOWSKI HOCHEGGER","ano_ingresso":2026,"semestre_ingresso":2,"tipo_discente":"Aluno em Disciplina Isolada","situacao_discente":"ATIVA","nome_campus":"Cerro Largo","cod_curso":"MEC001","nome_curso":"Mestrado em Ensino de Ciências","data_atualizacao":"2026-08-31T02:30:17"},{"_id":135563,"nome_discente":"PAOLA GRASSEL MALESUIK","ano_ingresso":2026,"semestre_ingresso":2,"tipo_discente":"Aluno em Disciplina Isolada","situacao_discente":"ATIVA","nome_campus":"Cerro Largo","cod_curso":"MEC001","nome_curso":"Mestrado em Ensino de Ciências","data_atualizacao":"2026-08-31T02:30:17"},{"_id":135564,"nome_discente":"PATRICIA COSTA DO PRADO","ano_ingresso":2026,"semestre_ingresso":2,"tipo_discente":"Aluno em Disciplina Isolada","situacao_discente":"ATIVA","nome_campus":"Cerro Largo","cod_curso":"MEC001","nome_curso":"Mestrado em Ensino de Ciências","data_atualizacao":"2026-08-31T02:30:17"},{"_id":135565,"nome_discente":"SIMONI PRIESNITZ FRIEDRICH","ano_ingresso":2026,"semestre_ingresso":2,"tipo_discente":"Aluno em Disciplina Isolada","situacao_discente":"ATIVA","nome_campus":"Cerro Largo","cod_curso":"MEC001","nome_curso":"Mestrado em Ensino de Ciências","data_atualizacao":"2026-08-31T02:30:17"},{"_id":135566,"nome_discente":"KELI JAQUELINE STAUDT","ano_ingresso":2026,"semestre_ingresso":2,"tipo_discente":"Aluno Regular","situacao_discente":"ATIVA","nome_campus":"Cerro Largo","cod_curso":"PNPD005","nome_curso":"Pós Doutorado em Ambiente e Tecnologias Sustentáveis","data_atualizacao":"2026-08-31T02:30:17"},{"_id":135567,"nome_discente":"ALESSANDRO NASCIMENTO DO NASCIMENTO","ano_ingresso":2026,"semestre_ingresso":1,"tipo_discente":"Aluno Regular","situacao_discente":"ATIVA","nome_campus":"Cerro Largo","cod_curso":"DDPP001","nome_curso":"Doutorado em Desenvolvimento e Políticas Públicas","data_atualizacao":"2026-08-31T02:30:17"},{"_id":135568,"nome_discente":"CARINA DE MOURA MACHADO","ano_ingresso":2026,"semestre_ingresso":1,"tipo_discente":"Aluno Regular","situacao_discente":"ATIVA","nome_campus":"Cerro Largo","cod_curso":"DDPP001","nome_curso":"Doutorado em Desenvolvimento e Políticas Públicas","data_atualizacao":"2026-08-31T02:30:17"},{"_id":135569,"nome_discente":"CLAUDIA JUSSARA HARLOS HECK","ano_ingresso":2026,"semestre_ingresso":1,"tipo_discente":"Aluno Regular","situacao_discente":"ATIVA","nome_campus":"Cerro Largo","cod_curso":"DDPP001","nome_curso":"Doutorado em Desenvolvimento e Políticas Públicas","data_atualizacao":"2026-08-31T02:30:17"},{"_id":135570,"nome_discente":"DAIANA REUSE","ano_ingresso":2026,"semestre_ingresso":1,"tipo_discente":"Aluno Regular","situacao_discente":"ATIVA","nome_campus":"Cerro Largo","cod_curso":"DDPP001","nome_curso":"Doutorado em Desenvolvimento e Políticas Públicas","data_atualizacao":"2026-08-31T02:30:17"},{"_id":135571,"nome_discente":"DARCIONE SPOLAOR","ano_ingresso":2026,"semestre_ingresso":1,"tipo_discente":"Aluno em Disciplina Isolada","situacao_discente":"CANCELADA","nome_campus":"Cerro Largo","cod_curso":"DDPP001","nome_curso":"Doutorado em Desenvolvimento e Políticas Públicas","data_atualizacao":"2026-08-31T02:30:17"},{"_id":135572,"nome_discente":"GABRIELE MARQUES MAURER RODRIGUES","ano_ingresso":2026,"semestre_ingresso":1,"tipo_discente":"Aluno em Disciplina Isolada","situacao_discente":"CANCELADA","nome_campus":"Cerro Largo","cod_curso":"DDPP001","nome_curso":"Doutorado em Desenvolvimento e Políticas Públicas","data_atualizacao":"2026-08-31T02:30:17"},{"_id":135573,"nome_discente":"GRACE KELLY VIER FENNER","ano_ingresso":2026,"semestre_ingresso":1,"tipo_discente":"Aluno Regular","situacao_discente":"ATIVA","nome_campus":"Cerro Largo","cod_curso":"DDPP001","nome_curso":"Doutorado em Desenvolvimento e Políticas Públicas","data_atualizacao":"2026-08-31T02:30:17"},{"_id":135574,"nome_discente":"GUSTAVO RODRIGO HANSEN JONER","ano_ingresso":2026,"semestre_ingresso":1,"tipo_discente":"Aluno em Disciplina Isolada","situacao_discente":"CANCELADA","nome_campus":"Cerro Largo","cod_curso":"DDPP001","nome_curso":"Doutorado em Desenvolvimento e Políticas Públicas","data_atualizacao":"2026-08-31T02:30:17"},{"_id":135575,"nome_discente":"JOICI ANTÔNIA ZIEGLER","ano_ingresso":2026,"semestre_ingresso":1,"tipo_discente":"Aluno em Disciplina Isolada","situacao_discente":"CANCELADA","nome_campus":"Cerro Largo","cod_curso":"DDPP001","nome_curso":"Doutorado em Desenvolvimento e Políticas Públicas","data_atualizacao":"2026-08-31T02:30:17"},{"_id":135576,"nome_discente":"JONAS DIOGO DA SILVA","ano_ingresso":2026,"semestre_ingresso":1,"tipo_discente":"Aluno Regular","situacao_discente":"ATIVA","nome_campus":"Cerro Largo","cod_curso":"DDPP001","nome_curso":"Doutorado em Desenvolvimento e Políticas Públicas","data_atualizacao":"2026-08-31T02:30:17"},{"_id":135577,"nome_discente":"JOSEFINA MARIA TONIOLO","ano_ingresso":2026,"semestre_ingresso":1,"tipo_discente":"Aluno em Disciplina Isolada","situacao_discente":"CANCELADA","nome_campus":"Cerro Largo","cod_curso":"DDPP001","nome_curso":"Doutorado em Desenvolvimento e Políticas Públicas","data_atualizacao":"2026-08-31T02:30:17"},{"_id":135578,"nome_discente":"KELY CRISTINA GAMBIN","ano_ingresso":2026,"semestre_ingresso":1,"tipo_discente":"Aluno em Disciplina Isolada","situacao_discente":"CANCELADA","nome_campus":"Cerro Largo","cod_curso":"DDPP001","nome_curso":"Doutorado em Desenvolvimento e Políticas Públicas","data_atualizacao":"2026-08-31T02:30:17"},{"_id":135579,"nome_discente":"LAURI ALOISIO HECKLER","ano_ingresso":2026,"semestre_ingresso":1,"tipo_discente":"Aluno em Disciplina Isolada","situacao_discente":"CANCELADA","nome_campus":"Cerro Largo","cod_curso":"DDPP001","nome_curso":"Doutorado em Desenvolvimento e Políticas Públicas","data_atualizacao":"2026-08-31T02:30:17"},{"_id":135580,"nome_discente":"LUIS CARLOS ROSSATO","ano_ingresso":2026,"semestre_ingresso":1,"tipo_discente":"Aluno Regular","situacao_discente":"ATIVA","nome_campus":"Cerro Largo","cod_curso":"DDPP001","nome_curso":"Doutorado em Desenvolvimento e Políticas Públicas","data_atualizacao":"2026-08-31T02:30:17"},{"_id":135581,"nome_discente":"MARGOT AGATHE SEIFFERT","ano_ingresso":2026,"semestre_ingresso":1,"tipo_discente":"Aluno Regular","situacao_discente":"ATIVA","nome_campus":"Cerro Largo","cod_curso":"DDPP001","nome_curso":"Doutorado em Desenvolvimento e Políticas Públicas","data_atualizacao":"2026-08-31T02:30:17"},{"_id":135582,"nome_discente":"MARLI TEREZINHA PEREIRA LAGO","ano_ingresso":2026,"semestre_ingresso":1,"tipo_discente":"Aluno em Disciplina Isolada","situacao_discente":"CANCELADA","nome_campus":"Cerro Largo","cod_curso":"DDPP001","nome_curso":"Doutorado em Desenvolvimento e Políticas Públicas","data_atualizacao":"2026-08-31T02:30:17"},{"_id":135583,"nome_discente":"MAYNARA DA VEIGA CHAGAS","ano_ingresso":2026,"semestre_ingresso":1,"tipo_discente":"Aluno Regular","situacao_discente":"DESISTENTE","nome_campus":"Cerro Largo","cod_curso":"DDPP001","nome_curso":"Doutorado em Desenvolvimento e Políticas Públicas","data_atualizacao":"2026-08-31T02:30:17"},{"_id":135584,"nome_discente":"PALOMA DA SILVA SAVIAN","ano_ingresso":2026,"semestre_ingresso":1,"tipo_discente":"Aluno Regular","situacao_discente":"ATIVA","nome_campus":"Cerro Largo","cod_curso":"DDPP001","nome_curso":"Doutorado em Desenvolvimento e Políticas Públicas","data_atualizacao":"2026-08-31T02:30:17"},{"_id":135585,"nome_discente":"RAQUEL KOLBERG","ano_ingresso":2026,"semestre_ingresso":1,"tipo_discente":"Aluno Regular","situacao_discente":"DESISTENTE","nome_campus":"Cerro Largo","cod_curso":"DDPP001","nome_curso":"Doutorado em Desenvolvimento e Políticas Públicas","data_atualizacao":"2026-08-31T02:30:17"},{"_id":135586,"nome_discente":"RAQUEL LUCIENE SAWITZKI CALLEGARO","ano_ingresso":2026,"semestre_ingresso":1,"tipo_discente":"Aluno Regular","situacao_discente":"ATIVA","nome_campus":"Cerro Largo","cod_curso":"DDPP001","nome_curso":"Doutorado em Desenvolvimento e Políticas Públicas","data_atualizacao":"2026-08-31T02:30:17"},{"_id":135587,"nome_discente":"RODRIGO MIGUEL DE SOUZA","ano_ingresso":2026,"semestre_ingresso":1,"tipo_discente":"Aluno Regular","situacao_discente":"ATIVA","nome_campus":"Cerro Largo","cod_curso":"DDPP001","nome_curso":"Doutorado em Desenvolvimento e Políticas Públicas","data_atualizacao":"2026-08-31T02:30:17"},{"_id":135588,"nome_discente":"ROSMERI RADKE","ano_ingresso":2026,"semestre_ingresso":1,"tipo_discente":"Aluno Regular","situacao_discente":"ATIVA","nome_campus":"Cerro Largo","cod_curso":"DDPP001","nome_curso":"Doutorado em Desenvolvimento e Políticas Públicas","data_atualizacao":"2026-08-31T02:30:17"},{"_id":135589,"nome_discente":"SARA ALMEIDA","ano_ingresso":2026,"semestre_ingresso":1,"tipo_discente":"Aluno Regular","situacao_discente":"ATIVA","nome_campus":"Cerro Largo","cod_curso":"DDPP001","nome_curso":"Doutorado em Desenvolvimento e Políticas Públicas","data_atualizacao":"2026-08-31T02:30:17"},{"_id":135590,"nome_discente":"TAÍS REGINA COSTA","ano_ingresso":2026,"semestre_ingresso":1,"tipo_discente":"Aluno em Disciplina Isolada","situacao_discente":"CANCELADA","nome_campus":"Cerro Largo","cod_curso":"DDPP001","nome_curso":"Doutorado em Desenvolvimento e Políticas Públicas","data_atualizacao":"2026-08-31T02:30:17"},{"_id":135591,"nome_discente":"TAUANE CAROLINA PARODI BE","ano_ingresso":2026,"semestre_ingresso":1,"tipo_discente":"Aluno Regular","situacao_discente":"ATIVA","nome_campus":"Cerro Largo","cod_curso":"DDPP001","nome_curso":"Doutorado em Desenvolvimento e Políticas Públicas","data_atualizacao":"2026-08-31T02:30:17"},{"_id":135592,"nome_discente":"TIAGO GRIEBELER DA SILVA","ano_ingresso":2026,"semestre_ingresso":1,"tipo_discente":"Aluno em Disciplina Isolada","situacao_discente":"CANCELADA","nome_campus":"Cerro Largo","cod_curso":"DDPP001","nome_curso":"Doutorado em Desenvolvimento e Políticas Públicas","data_atualizacao":"2026-08-31T02:30:17"},{"_id":135593,"nome_discente":"VARLEI MACHADO DA ROSA","ano_ingresso":2026,"semestre_ingresso":1,"tipo_discente":"Aluno Regular","situacao_discente":"ATIVA","nome_campus":"Cerro Largo","cod_curso":"DDPP001","nome_curso":"Doutorado em Desenvolvimento e Políticas Públicas","data_atualizacao":"2026-08-31T02:30:17"},{"_id":135594,"nome_discente":"AMANDA MENDONÇA AZAMBUJA","ano_ingresso":2026,"semestre_ingresso":1,"tipo_discente":"Aluno Regular","situacao_discente":"ATIVA","nome_campus":"Cerro Largo","cod_curso":"MATS001","nome_curso":"Mestrado em Ambiente e Tecnologias Sustentáveis","data_atualizacao":"2026-08-31T02:30:17"},{"_id":135595,"nome_discente":"CAROLINE RUBI CARDOSO","ano_ingresso":2026,"semestre_ingresso":1,"tipo_discente":"Aluno Regular","situacao_discente":"ATIVA","nome_campus":"Cerro Largo","cod_curso":"MATS001","nome_curso":"Mestrado em Ambiente e Tecnologias Sustentáveis","data_atualizacao":"2026-08-31T02:30:17"},{"_id":135596,"nome_discente":"DANIEL BUCHHOLZ","ano_ingresso":2026,"semestre_ingresso":1,"tipo_discente":"Aluno Regular","situacao_discente":"ATIVA","nome_campus":"Cerro Largo","cod_curso":"MATS001","nome_curso":"Mestrado em Ambiente e Tecnologias Sustentáveis","data_atualizacao":"2026-08-31T02:30:17"},{"_id":135597,"nome_discente":"EDUARDO DANIEL SCHNEIDER","ano_ingresso":2026,"semestre_ingresso":1,"tipo_discente":"Aluno Regular","situacao_discente":"ATIVA","nome_campus":"Cerro Largo","cod_curso":"MATS001","nome_curso":"Mestrado em Ambiente e Tecnologias Sustentáveis","data_atualizacao":"2026-08-31T02:30:17"},{"_id":135598,"nome_discente":"FRANCIELI WOTTRICH DOS SANTOS","ano_ingresso":2026,"semestre_ingresso":1,"tipo_discente":"Aluno Regular","situacao_discente":"ATIVA","nome_campus":"Cerro Largo","cod_curso":"MATS001","nome_curso":"Mestrado em Ambiente e Tecnologias Sustentáveis","data_atualizacao":"2026-08-31T02:30:17"},{"_id":135599,"nome_discente":"GÉSSICA KUPSKI","ano_ingresso":2026,"semestre_ingresso":1,"tipo_discente":"Aluno Regular","situacao_discente":"ATIVA","nome_campus":"Cerro Largo","cod_curso":"MATS001","nome_curso":"Mestrado em Ambiente e Tecnologias Sustentáveis","data_atualizacao":"2026-08-31T02:30:17"},{"_id":135600,"nome_discente":"JAQUELINE KIN","ano_ingresso":2026,"semestre_ingresso":1,"tipo_discente":"Aluno Regular","situacao_discente":"ATIVA","nome_campus":"Cerro Largo","cod_curso":"MATS001","nome_curso":"Mestrado em Ambiente e Tecnologias Sustentáveis","data_atualizacao":"2026-08-31T02:30:17"},{"_id":135601,"nome_discente":"MARIANE BOESCH LINO DE LIMA","ano_ingresso":2026,"semestre_ingresso":1,"tipo_discente":"Aluno Regular","situacao_discente":"ATIVA","nome_campus":"Cerro Largo","cod_curso":"MATS001","nome_curso":"Mestrado em Ambiente e Tecnologias Sustentáveis","data_atualizacao":"2026-08-31T02:30:17"},{"_id":135602,"nome_discente":"MARLON WOCHNICKI BOLZAN","ano_ingresso":2026,"semestre_ingresso":1,"tipo_discente":"Aluno Regular","situacao_discente":"CANCELADA","nome_campus":"Cerro Largo","cod_curso":"MATS001","nome_curso":"Mestrado em Ambiente e Tecnologias Sustentáveis","data_atualizacao":"2026-08-31T02:30:17"},{"_id":135603,"nome_discente":"NATÁLIA EMANUELE BIOLOSOR KUNTZ","ano_ingresso":2026,"semestre_ingresso":1,"tipo_discente":"Aluno Regular","situacao_discente":"ATIVA","nome_campus":"Cerro Largo","cod_curso":"MATS001","nome_curso":"Mestrado em Ambiente e Tecnologias Sustentáveis","data_atualizacao":"2026-08-31T02:30:17"},{"_id":135604,"nome_discente":"PRISCILA COSTA BEBER HARLOS","ano_ingresso":2026,"semestre_ingresso":1,"tipo_discente":"Aluno em Disciplina Isolada","situacao_discente":"DESISTENTE","nome_campus":"Cerro Largo","cod_curso":"MATS001","nome_curso":"Mestrado em Ambiente e Tecnologias Sustentáveis","data_atualizacao":"2026-08-31T02:30:17"},{"_id":135605,"nome_discente":"RICHARD VINICIUS SANTANA DA SILVA","ano_ingresso":2026,"semestre_ingresso":1,"tipo_discente":"Aluno Regular","situacao_discente":"ATIVA","nome_campus":"Cerro Largo","cod_curso":"MATS001","nome_curso":"Mestrado em Ambiente e Tecnologias Sustentáveis","data_atualizacao":"2026-08-31T02:30:17"},{"_id":135606,"nome_discente":"VERÔNICA MIKILYTA URACH DE CASTRO","ano_ingresso":2026,"semestre_ingresso":1,"tipo_discente":"Aluno Regular","situacao_discente":"ATIVA","nome_campus":"Cerro Largo","cod_curso":"MATS001","nome_curso":"Mestrado em Ambiente e Tecnologias Sustentáveis","data_atualizacao":"2026-08-31T02:30:17"},{"_id":135607,"nome_discente":"ADELINO PEDRO WISNIEWSKI","ano_ingresso":2026,"semestre_ingresso":1,"tipo_discente":"Aluno Regular","situacao_discente":"ATIVA","nome_campus":"Cerro Largo","cod_curso":"MDPP001","nome_curso":"Mestrado em Desenvolvimento e Políticas Públicas","data_atualizacao":"2026-08-31T02:30:17"},{"_id":135608,"nome_discente":"ADRIANE JUSTEN","ano_ingresso":2026,"semestre_ingresso":1,"tipo_discente":"Aluno Regular","situacao_discente":"ATIVA","nome_campus":"Cerro Largo","cod_curso":"MDPP001","nome_curso":"Mestrado em Desenvolvimento e Políticas Públicas","data_atualizacao":"2026-08-31T02:30:17"},{"_id":135609,"nome_discente":"BRUNA CAROLINE DE CASTRO","ano_ingresso":2026,"semestre_ingresso":1,"tipo_discente":"Aluno em Disciplina Isolada","situacao_discente":"CANCELADA","nome_campus":"Cerro Largo","cod_curso":"MDPP001","nome_curso":"Mestrado em Desenvolvimento e Políticas Públicas","data_atualizacao":"2026-08-31T02:30:17"},{"_id":135610,"nome_discente":"CAMILA MIRANDA ANSCHAU","ano_ingresso":2026,"semestre_ingresso":1,"tipo_discente":"Aluno Regular","situacao_discente":"ATIVA","nome_campus":"Cerro Largo","cod_curso":"MDPP001","nome_curso":"Mestrado em Desenvolvimento e Políticas Públicas","data_atualizacao":"2026-08-31T02:30:17"},{"_id":135611,"nome_discente":"CAMILI KOHL","ano_ingresso":2026,"semestre_ingresso":1,"tipo_discente":"Aluno Regular","situacao_discente":"ATIVA","nome_campus":"Cerro Largo","cod_curso":"MDPP001","nome_curso":"Mestrado em Desenvolvimento e Políticas Públicas","data_atualizacao":"2026-08-31T02:30:17"},{"_id":135612,"nome_discente":"CLEBER SCHEUER","ano_ingresso":2026,"semestre_ingresso":1,"tipo_discente":"Aluno Regular","situacao_discente":"ATIVA","nome_campus":"Cerro Largo","cod_curso":"MDPP001","nome_curso":"Mestrado em Desenvolvimento e Políticas Públicas","data_atualizacao":"2026-08-31T02:30:17"},{"_id":135613,"nome_discente":"CRISTIANE PERLIN","ano_ingresso":2026,"semestre_ingresso":1,"tipo_discente":"Aluno Regular","situacao_discente":"ATIVA","nome_campus":"Cerro Largo","cod_curso":"MDPP001","nome_curso":"Mestrado em Desenvolvimento e Políticas Públicas","data_atualizacao":"2026-08-31T02:30:17"},{"_id":135614,"nome_discente":"CYNTIA SCHER STRELOW","ano_ingresso":2026,"semestre_ingresso":1,"tipo_discente":"Aluno Regular","situacao_discente":"ATIVA","nome_campus":"Cerro Largo","cod_curso":"MDPP001","nome_curso":"Mestrado em Desenvolvimento e Políticas Públicas","data_atualizacao":"2026-08-31T02:30:17"},{"_id":135615,"nome_discente":"ELENICE SCHEID","ano_ingresso":2026,"semestre_ingresso":1,"tipo_discente":"Aluno Regular","situacao_discente":"ATIVA","nome_campus":"Cerro Largo","cod_curso":"MDPP001","nome_curso":"Mestrado em Desenvolvimento e Políticas Públicas","data_atualizacao":"2026-08-31T02:30:17"},{"_id":135616,"nome_discente":"FERNANDA ABEGG","ano_ingresso":2026,"semestre_ingresso":1,"tipo_discente":"Aluno Regular","situacao_discente":"ATIVA","nome_campus":"Cerro Largo","cod_curso":"MDPP001","nome_curso":"Mestrado em Desenvolvimento e Políticas Públicas","data_atualizacao":"2026-08-31T02:30:17"},{"_id":135617,"nome_discente":"KATARINE ELISABETH DALPIAZ MARCON","ano_ingresso":2026,"semestre_ingresso":1,"tipo_discente":"Aluno em Disciplina Isolada","situacao_discente":"CANCELADA","nome_campus":"Cerro Largo","cod_curso":"MDPP001","nome_curso":"Mestrado em Desenvolvimento e Políticas Públicas","data_atualizacao":"2026-08-31T02:30:17"},{"_id":135618,"nome_discente":"LÊDA FÁTIMA ALMEIDA SEVERO","ano_ingresso":2026,"semestre_ingresso":1,"tipo_discente":"Aluno em Disciplina Isolada","situacao_discente":"CANCELADA","nome_campus":"Cerro Largo","cod_curso":"MDPP001","nome_curso":"Mestrado em Desenvolvimento e Políticas Públicas","data_atualizacao":"2026-08-31T02:30:17"},{"_id":135619,"nome_discente":"LIDIANE MARTINS DA COSTA","ano_ingresso":2026,"semestre_ingresso":1,"tipo_discente":"Aluno Regular","situacao_discente":"TRANCADA","nome_campus":"Cerro Largo","cod_curso":"MDPP001","nome_curso":"Mestrado em Desenvolvimento e Políticas Públicas","data_atualizacao":"2026-08-31T02:30:17"},{"_id":135620,"nome_discente":"MARCIVALDO CARDOSO LOPES","ano_ingresso":2026,"semestre_ingresso":1,"tipo_discente":"Aluno Regular","situacao_discente":"ATIVA","nome_campus":"Cerro Largo","cod_curso":"MDPP001","nome_curso":"Mestrado em Desenvolvimento e Políticas Públicas","data_atualizacao":"2026-08-31T02:30:17"},{"_id":135621,"nome_discente":"MATEUS ZOUNAR MARQUES","ano_ingresso":2026,"semestre_ingresso":1,"tipo_discente":"Aluno Regular","situacao_discente":"DESISTENTE","nome_campus":"Cerro Largo","cod_curso":"MDPP001","nome_curso":"Mestrado em Desenvolvimento e Políticas Públicas","data_atualizacao":"2026-08-31T02:30:17"},{"_id":135622,"nome_discente":"RAFAEL CRISTIANO GRÄFF","ano_ingresso":2026,"semestre_ingresso":1,"tipo_discente":"Aluno Regular","situacao_discente":"ATIVA","nome_campus":"Cerro Largo","cod_curso":"MDPP001","nome_curso":"Mestrado em Desenvolvimento e Políticas Públicas","data_atualizacao":"2026-08-31T02:30:17"},{"_id":135623,"nome_discente":"RAQUEL BARRAGAN MINOSSO","ano_ingresso":2026,"semestre_ingresso":1,"tipo_discente":"Aluno em Disciplina Isolada","situacao_discente":"CANCELADA","nome_campus":"Cerro Largo","cod_curso":"MDPP001","nome_curso":"Mestrado em Desenvolvimento e Políticas Públicas","data_atualizacao":"2026-08-31T02:30:17"},{"_id":135624,"nome_discente":"RODRIGO BRUM MACIEL","ano_ingresso":2026,"semestre_ingresso":1,"tipo_discente":"Aluno Regular","situacao_discente":"ATIVA","nome_campus":"Cerro Largo","cod_curso":"MDPP001","nome_curso":"Mestrado em Desenvolvimento e Políticas Públicas","data_atualizacao":"2026-08-31T02:30:17"},{"_id":135625,"nome_discente":"SANDRA OSTROSKI LACKS","ano_ingresso":2026,"semestre_ingresso":1,"tipo_discente":"Aluno em Disciplina Isolada","situacao_discente":"CANCELADA","nome_campus":"Cerro Largo","cod_curso":"MDPP001","nome_curso":"Mestrado em Desenvolvimento e Políticas Públicas","data_atualizacao":"2026-08-31T02:30:17"},{"_id":135626,"nome_discente":"SHEILA FLORCZAK ALMEIDA","ano_ingresso":2026,"semestre_ingresso":1,"tipo_discente":"Aluno em Disciplina Isolada","situacao_discente":"CANCELADA","nome_campus":"Cerro Largo","cod_curso":"MDPP001","nome_curso":"Mestrado em Desenvolvimento e Políticas Públicas","data_atualizacao":"2026-08-31T02:30:17"}], "fields": [{"id": "_id", "type": "int"}, {"id": "nome_discente", "type": "text", "info": {"label": "Nome do discente", "notes": "Nome social ou civil do estudante."}}, {"id": "ano_ingresso", "type": "int4", "info": {"label": "Ano da oferta", "notes": "Ano em que o estudante ingressou no curso."}}, {"id": "semestre_ingresso", "type": "int4", "info": {"label": "Semestre da oferta", "notes": "Semestre em que o aluno ingressou no curso."}}, {"id": "tipo_discente", "type": "text", "info": {"label": "Tipo de discente", "notes": "Aluno regular ou disciplina isolada."}}, {"id": "situacao_discente", "type": "text", "info": {"label": "Situa\u00e7\u00e3o da matr\u00edcula", "notes": "Situa\u00e7\u00e3o da matr\u00edcula do discente, que pode ser ativa, trancada, cancelada..."}}, {"id": "nome_campus", "type": "text", "info": {"label": "Nome do campus", "notes": "Nome do campus em que o curso \u00e9 ofertado."}}, {"id": "cod_curso", "type": "text", "info": {"label": "C\u00f3digo identificado", "notes": "C\u00f3digo identificador do curso."}}, {"id": "nome_curso", "type": "text", "info": {"label": "Nome do curso", "notes": "Nome do curso."}}, {"id": "data_atualizacao", "type": "timestamp", "info": {"label": "Data de atualiza\u00e7\u00e3o", "notes": "Data de atualiza\u00e7\u00e3o do conjunto de dados,  no formato YYYY-MM-DD (ano-m\u00eas-dia)."}}], "_links": {"start": "/api/3/action/datastore_search?resource_id=166bdbdb-24d3-41df-8de3-8ae643680313", "next": "/api/3/action/datastore_search?resource_id=166bdbdb-24d3-41df-8de3-8ae643680313&offset=100"}, "total": 10747, "total_was_estimated": false}}